{"id":534,"date":"2026-08-31T21:48:43","date_gmt":"2026-08-31T21:48:43","guid":{"rendered":"https:\/\/editorialguillermina.com.ar\/?p=534"},"modified":"2026-08-31T21:48:43","modified_gmt":"2026-08-31T21:48:43","slug":"vida-y-obra-de-sor-leonor-de-santa-maria-ocampo","status":"publish","type":"post","link":"https:\/\/editorialguillermina.com.ar\/index.php\/2026\/08\/31\/vida-y-obra-de-sor-leonor-de-santa-maria-ocampo\/","title":{"rendered":"VIDA Y OBRA DE SOR LEONOR DE SANTA MARIA OCAMPO"},"content":{"rendered":"<p style=\"text-align: justify;\">Buen d\u00eda, la joven es Ver\u00f3nica Alejandra Camps de Chilecito. Ella difunde la vida y obra de Sor Leonor de Santa Mar\u00eda Ocampo, una monja de nuestra familia que fu\u00e9 declarada Venerable por el Vaticano y est\u00e1 en proceso de beatificaci\u00f3n y Santificaci\u00f3n.<!--more--><\/p>\n<p style=\"text-align: justify;\">La joven muestra un cartel en el que se indica que se puso su nombre a una calle de Sa\u00f1ogasta, por decisi\u00f3n del Honorable Concejo Deliberante de Chilecito, colocado el pasado 26 de agosto.<\/p>\n<p style=\"text-align: justify;\">Quiera Dios que todos tengamos un bello y saludable fin de semana.<\/p>\n<p style=\"text-align: justify;\">Un abrazo fraterno desde Chilecito.<\/p>\n<p style=\"text-align: justify;\">Quecho<\/p>\n","protected":false},"excerpt":{"rendered":"<p>Buen d\u00eda, la joven es Ver\u00f3nica Alejandra Camps de Chilecito. Ella difunde la vida y obra de Sor Leonor de Santa Mar\u00eda Ocampo, una monja de nuestra familia que fu\u00e9 declarada Venerable por el Vaticano y est\u00e1 en proceso de beatificaci\u00f3n y Santificaci\u00f3n.<\/p>\n","protected":false},"author":1,"featured_media":535,"comment_status":"closed","ping_status":"closed","sticky":false,"template":"","format":"standard","meta":{"footnotes":""},"categories":[1],"tags":[],"class_list":["post-534","post","type-post","status-publish","format-standard","has-post-thumbnail","hentry","category-editorial"],"_links":{"self":[{"href":"https:\/\/editorialguillermina.com.ar\/index.php\/wp-json\/wp\/v2\/posts\/534","targetHints":{"allow":["GET"]}}],"collection":[{"href":"https:\/\/editorialguillermina.com.ar\/index.php\/wp-json\/wp\/v2\/posts"}],"about":[{"href":"https:\/\/editorialguillermina.com.ar\/index.php\/wp-json\/wp\/v2\/types\/post"}],"author":[{"embeddable":true,"href":"https:\/\/editorialguillermina.com.ar\/index.php\/wp-json\/wp\/v2\/users\/1"}],"replies":[{"embeddable":true,"href":"https:\/\/editorialguillermina.com.ar\/index.php\/wp-json\/wp\/v2\/comments?post=534"}],"version-history":[{"count":1,"href":"https:\/\/editorialguillermina.com.ar\/index.php\/wp-json\/wp\/v2\/posts\/534\/revisions"}],"predecessor-version":[{"id":536,"href":"https:\/\/editorialguillermina.com.ar\/index.php\/wp-json\/wp\/v2\/posts\/534\/revisions\/536"}],"wp:featuredmedia":[{"embeddable":true,"href":"https:\/\/editorialguillermina.com.ar\/index.php\/wp-json\/wp\/v2\/media\/535"}],"wp:attachment":[{"href":"https:\/\/editorialguillermina.com.ar\/index.php\/wp-json\/wp\/v2\/media?parent=534"}],"wp:term":[{"taxonomy":"category","embeddable":true,"href":"https:\/\/editorialguillermina.com.ar\/index.php\/wp-json\/wp\/v2\/categories?post=534"},{"taxonomy":"post_tag","embeddable":true,"href":"https:\/\/editorialguillermina.com.ar\/index.php\/wp-json\/wp\/v2\/tags?post=534"}],"curies":[{"name":"wp","href":"https:\/\/api.w.org\/{rel}","templated":true}]}}